{"id":6166,"date":"2023-04-23T15:23:03","date_gmt":"2023-04-23T20:23:03","guid":{"rendered":"https:\/\/test.axxima.ca\/?p=6166"},"modified":"2023-07-28T14:49:47","modified_gmt":"2023-07-28T19:49:47","slug":"mandatory-vs-voluntary-insurance-understand-your-obligations","status":"publish","type":"post","link":"https:\/\/www.axxima.ca\/fr\/blog\/mandatory-vs-voluntary-insurance-understand-your-obligations\/","title":{"rendered":"Quelle est la diff\u00e9rence entre l'assurance obligatoire et l'assurance facultative?"},"content":{"rendered":"<div data-elementor-type=\"wp-post\" data-elementor-id=\"6166\" class=\"elementor elementor-6166\">\n\t\t\t\t\t\t<section class=\"elementor-section elementor-top-section elementor-element elementor-element-b4c92fd she-header-yes elementor-section-boxed elementor-section-height-default elementor-section-height-default\" data-id=\"b4c92fd\" data-element_type=\"section\" data-settings=\"{&quot;transparent&quot;:&quot;yes&quot;,&quot;transparent_on&quot;:[&quot;desktop&quot;,&quot;tablet&quot;,&quot;mobile&quot;],&quot;scroll_distance&quot;:{&quot;unit&quot;:&quot;px&quot;,&quot;size&quot;:60,&quot;sizes&quot;:[]},&quot;scroll_distance_tablet&quot;:{&quot;unit&quot;:&quot;px&quot;,&quot;size&quot;:&quot;&quot;,&quot;sizes&quot;:[]},&quot;scroll_distance_mobile&quot;:{&quot;unit&quot;:&quot;px&quot;,&quot;size&quot;:&quot;&quot;,&quot;sizes&quot;:[]},&quot;she_offset_top&quot;:{&quot;unit&quot;:&quot;px&quot;,&quot;size&quot;:0,&quot;sizes&quot;:[]},&quot;she_offset_top_tablet&quot;:{&quot;unit&quot;:&quot;px&quot;,&quot;size&quot;:&quot;&quot;,&quot;sizes&quot;:[]},&quot;she_offset_top_mobile&quot;:{&quot;unit&quot;:&quot;px&quot;,&quot;size&quot;:&quot;&quot;,&quot;sizes&quot;:[]},&quot;she_width&quot;:{&quot;unit&quot;:&quot;%&quot;,&quot;size&quot;:100,&quot;sizes&quot;:[]},&quot;she_width_tablet&quot;:{&quot;unit&quot;:&quot;px&quot;,&quot;size&quot;:&quot;&quot;,&quot;sizes&quot;:[]},&quot;she_width_mobile&quot;:{&quot;unit&quot;:&quot;px&quot;,&quot;size&quot;:&quot;&quot;,&quot;sizes&quot;:[]},&quot;she_padding&quot;:{&quot;unit&quot;:&quot;px&quot;,&quot;top&quot;:0,&quot;right&quot;:&quot;&quot;,&quot;bottom&quot;:0,&quot;left&quot;:&quot;&quot;,&quot;isLinked&quot;:true},&quot;she_padding_tablet&quot;:{&quot;unit&quot;:&quot;px&quot;,&quot;top&quot;:&quot;&quot;,&quot;right&quot;:&quot;&quot;,&quot;bottom&quot;:&quot;&quot;,&quot;left&quot;:&quot;&quot;,&quot;isLinked&quot;:true},&quot;she_padding_mobile&quot;:{&quot;unit&quot;:&quot;px&quot;,&quot;top&quot;:&quot;&quot;,&quot;right&quot;:&quot;&quot;,&quot;bottom&quot;:&quot;&quot;,&quot;left&quot;:&quot;&quot;,&quot;isLinked&quot;:true}}\">\n\t\t\t\t\t\t<div class=\"elementor-container elementor-column-gap-default\">\n\t\t\t\t\t<div class=\"elementor-column elementor-col-100 elementor-top-column elementor-element elementor-element-f33250a\" data-id=\"f33250a\" data-element_type=\"column\">\n\t\t\t<div class=\"elementor-widget-wrap elementor-element-populated\">\n\t\t\t\t\t\t<div class=\"elementor-element elementor-element-8fb7239 elementor-invisible elementor-widget elementor-widget-eael-creative-button\" data-id=\"8fb7239\" data-element_type=\"widget\" data-settings=\"{&quot;_animation&quot;:&quot;fadeInLeft&quot;}\" data-widget_type=\"eael-creative-button.default\">\n\t\t\t\t<div class=\"elementor-widget-container\">\n\t\t\t\t\t        <div class=\"eael-creative-button-wrapper\">\n\n            <a class=\"eael-creative-button eael-creative-button--wayra\" href=\"https:\/\/www.axxima.ca\/fr\/blog\/\" data-text=\"Blog\">\n\n\t    \n                <div class=\"creative-button-inner\">\n\n                                            <span class=\"eael-creative-button-icon-left\"><i aria-hidden=\"true\" class=\"icon icon-left-arrows\"><\/i><\/span>                    \n                    <span class=\"cretive-button-text\">Retour<\/span>\n\n                                    <\/div>\n\t                        <\/a>\n        <\/div>\n        \t\t\t\t<\/div>\n\t\t\t\t<\/div>\n\t\t\t\t\t<\/div>\n\t\t<\/div>\n\t\t\t\t\t<\/div>\n\t\t<\/section>\n\t\t\t\t<section class=\"elementor-section elementor-top-section elementor-element elementor-element-a5ceab0 elementor-section-boxed elementor-section-height-default elementor-section-height-default\" data-id=\"a5ceab0\" data-element_type=\"section\">\n\t\t\t\t\t\t<div class=\"elementor-container elementor-column-gap-default\">\n\t\t\t\t\t<div class=\"elementor-column elementor-col-100 elementor-top-column elementor-element elementor-element-0433ba5\" data-id=\"0433ba5\" data-element_type=\"column\">\n\t\t\t<div class=\"elementor-widget-wrap elementor-element-populated\">\n\t\t\t\t\t\t<div class=\"elementor-element elementor-element-0163194 elementor-widget elementor-widget-spacer\" data-id=\"0163194\" data-element_type=\"widget\" data-widget_type=\"spacer.default\">\n\t\t\t\t<div class=\"elementor-widget-container\">\n\t\t\t\t\t\t\t<div class=\"elementor-spacer\">\n\t\t\t<div class=\"elementor-spacer-inner\"><\/div>\n\t\t<\/div>\n\t\t\t\t\t\t<\/div>\n\t\t\t\t<\/div>\n\t\t\t\t\t<\/div>\n\t\t<\/div>\n\t\t\t\t\t<\/div>\n\t\t<\/section>\n\t\t\t\t<section class=\"elementor-section elementor-top-section elementor-element elementor-element-9ca7819 elementor-section-boxed elementor-section-height-default elementor-section-height-default\" data-id=\"9ca7819\" data-element_type=\"section\">\n\t\t\t\t\t\t<div class=\"elementor-container elementor-column-gap-default\">\n\t\t\t\t\t<div class=\"elementor-column elementor-col-100 elementor-top-column elementor-element elementor-element-a746b48\" data-id=\"a746b48\" data-element_type=\"column\">\n\t\t\t<div class=\"elementor-widget-wrap elementor-element-populated\">\n\t\t\t\t\t\t<div class=\"elementor-element elementor-element-204ee86 elementor-widget elementor-widget-heading\" data-id=\"204ee86\" data-element_type=\"widget\" data-widget_type=\"heading.default\">\n\t\t\t\t<div class=\"elementor-widget-container\">\n\t\t\t\t\t<h1 class=\"elementor-heading-title elementor-size-default\">Assurance obligatoire ou assurance facultative : Comprendre vos obligations<\/h1>\t\t\t\t<\/div>\n\t\t\t\t<\/div>\n\t\t\t\t\t<\/div>\n\t\t<\/div>\n\t\t\t\t\t<\/div>\n\t\t<\/section>\n\t\t\t\t<section class=\"elementor-section elementor-top-section elementor-element elementor-element-b4d6d4b elementor-section-boxed elementor-section-height-default elementor-section-height-default\" data-id=\"b4d6d4b\" data-element_type=\"section\">\n\t\t\t\t\t\t<div class=\"elementor-container elementor-column-gap-default\">\n\t\t\t\t\t<div class=\"elementor-column elementor-col-100 elementor-top-column elementor-element elementor-element-dc9e0e5\" data-id=\"dc9e0e5\" data-element_type=\"column\">\n\t\t\t<div class=\"elementor-widget-wrap elementor-element-populated\">\n\t\t\t\t\t\t<div class=\"elementor-element elementor-element-a7f20fc elementor-widget elementor-widget-text-editor\" data-id=\"a7f20fc\" data-element_type=\"widget\" data-widget_type=\"text-editor.default\">\n\t\t\t\t<div class=\"elementor-widget-container\">\n\t\t\t\t\t\t\t\t\t<p>Si vous \u00eates \u00e0 la recherche d'une couverture d\u2019assurance afin de prot\u00e9ger votre organisation contre les risques, vous pouvez vous sentir d\u00e9pass\u00e9 par le large \u00e9ventail d'options disponibles sur le march\u00e9, toutes promouvant la protection de vos actifs en les mettant \u00e0 l'abri des multiples risques.<\/p><p class=\"translation-block\">Cependant, il est important de savoir quelles sont les assurances <strong><em>obligatoires<\/em><\/strong> pour votre organisation (par opposition aux assurances <strong><em>facultatives<\/em><\/strong>). Il s'agit des polices d'assurance dont la souscription est impos\u00e9e par les autorit\u00e9s comp\u00e9tentes.<\/p><p>Les entreprises doivent s'assurer qu'elles disposent des assurances requises par les lois de leur juridiction. Le non-respect de cette obligation peut entra\u00eener des amendes, des poursuites judiciaires et une responsabilit\u00e9 potentielle.<\/p><p>Nous examinerons ci-dessous la diff\u00e9rence entre l'assurance obligatoire et l'assurance facultative, nous donnerons des exemples de chacune d'entre elles et nous vous indiquerons o\u00f9 vous pouvez vous adresser pour d\u00e9terminer si une police d'assurance particuli\u00e8re est n\u00e9cessaire pour votre entreprise.<\/p>\t\t\t\t\t\t\t\t<\/div>\n\t\t\t\t<\/div>\n\t\t\t\t\t<\/div>\n\t\t<\/div>\n\t\t\t\t\t<\/div>\n\t\t<\/section>\n\t\t\t\t<section class=\"elementor-section elementor-top-section elementor-element elementor-element-5b059bf elementor-section-boxed elementor-section-height-default elementor-section-height-default\" data-id=\"5b059bf\" data-element_type=\"section\">\n\t\t\t\t\t\t<div class=\"elementor-container elementor-column-gap-default\">\n\t\t\t\t\t<div class=\"elementor-column elementor-col-100 elementor-top-column elementor-element elementor-element-4ca7870\" data-id=\"4ca7870\" data-element_type=\"column\">\n\t\t\t<div class=\"elementor-widget-wrap elementor-element-populated\">\n\t\t\t\t\t\t<div class=\"elementor-element elementor-element-ba5ecf5 elementor-widget elementor-widget-heading\" data-id=\"ba5ecf5\" data-element_type=\"widget\" data-widget_type=\"heading.default\">\n\t\t\t\t<div class=\"elementor-widget-container\">\n\t\t\t\t\t<h4 class=\"elementor-heading-title elementor-size-default\"><span style=\"font-size: 1.0pt;line-height: 0%\"><\/h4>\t\t\t\t<\/div>\n\t\t\t\t<\/div>\n\t\t\t\t\t<\/div>\n\t\t<\/div>\n\t\t\t\t\t<\/div>\n\t\t<\/section>\n\t\t\t\t<section class=\"elementor-section elementor-top-section elementor-element elementor-element-9c0c6de elementor-section-boxed elementor-section-height-default elementor-section-height-default\" data-id=\"9c0c6de\" data-element_type=\"section\">\n\t\t\t\t\t\t<div class=\"elementor-container elementor-column-gap-default\">\n\t\t\t\t\t<div class=\"elementor-column elementor-col-100 elementor-top-column elementor-element elementor-element-2d232cf\" data-id=\"2d232cf\" data-element_type=\"column\">\n\t\t\t<div class=\"elementor-widget-wrap elementor-element-populated\">\n\t\t\t\t\t\t<div class=\"elementor-element elementor-element-96d9a44 elementor-widget elementor-widget-text-editor\" data-id=\"96d9a44\" data-element_type=\"widget\" data-widget_type=\"text-editor.default\">\n\t\t\t\t<div class=\"elementor-widget-container\">\n\t\t\t\t\t\t\t\t\t<p class=\"translation-block\"><span style=\"font-size: 1.0pt;line-height: 0%\"><\/p><p><span style=\"font-size: 1.0pt;line-height: 0%\">\u00a0\u00a0\u00a0\u00a0<\/p><p class=\"translation-block\"><span style=\"font-size: 1.0pt;line-height: 0%\"><\/p>\t\t\t\t\t\t\t\t<\/div>\n\t\t\t\t<\/div>\n\t\t\t\t\t<\/div>\n\t\t<\/div>\n\t\t\t\t\t<\/div>\n\t\t<\/section>\n\t\t\t\t<section class=\"elementor-section elementor-top-section elementor-element elementor-element-df73ba6 elementor-section-boxed elementor-section-height-default elementor-section-height-default\" data-id=\"df73ba6\" data-element_type=\"section\">\n\t\t\t\t\t\t<div class=\"elementor-container elementor-column-gap-default\">\n\t\t\t\t\t<div class=\"elementor-column elementor-col-100 elementor-top-column elementor-element elementor-element-c4d49fb\" data-id=\"c4d49fb\" data-element_type=\"column\">\n\t\t\t<div class=\"elementor-widget-wrap elementor-element-populated\">\n\t\t\t\t\t\t<div class=\"elementor-element elementor-element-f11ec5d elementor-widget elementor-widget-heading\" data-id=\"f11ec5d\" data-element_type=\"widget\" data-widget_type=\"heading.default\">\n\t\t\t\t<div class=\"elementor-widget-container\">\n\t\t\t\t\t<h4 class=\"elementor-heading-title elementor-size-default\">Quelle est la diff\u00e9rence entre l'assurance obligatoire et l'assurance facultative?<\/h4>\t\t\t\t<\/div>\n\t\t\t\t<\/div>\n\t\t\t\t\t<\/div>\n\t\t<\/div>\n\t\t\t\t\t<\/div>\n\t\t<\/section>\n\t\t\t\t<section class=\"elementor-section elementor-top-section elementor-element elementor-element-f6496bb elementor-section-boxed elementor-section-height-default elementor-section-height-default\" data-id=\"f6496bb\" data-element_type=\"section\">\n\t\t\t\t\t\t<div class=\"elementor-container elementor-column-gap-default\">\n\t\t\t\t\t<div class=\"elementor-column elementor-col-100 elementor-top-column elementor-element elementor-element-2cdd492\" data-id=\"2cdd492\" data-element_type=\"column\">\n\t\t\t<div class=\"elementor-widget-wrap elementor-element-populated\">\n\t\t\t\t\t\t<div class=\"elementor-element elementor-element-789c600 elementor-widget elementor-widget-text-editor\" data-id=\"789c600\" data-element_type=\"widget\" data-widget_type=\"text-editor.default\">\n\t\t\t\t<div class=\"elementor-widget-container\">\n\t\t\t\t\t\t\t\t\t<p>L'assurance obligatoire, en termes simples, est une assurance que les entreprises sont l\u00e9galement tenues de souscrire. Le gouvernement f\u00e9d\u00e9ral, ou les gouvernements de votre province ou territoire, imposent certaines couvertures d\u2019assurance pour prot\u00e9ger le public et les employ\u00e9s contre tout dommage ou pr\u00e9judice pouvant survenir dans le cadre de vos activit\u00e9s. Les diff\u00e9rentes couvertures d'assurance obligatoire varient en fonction de la juridiction et de la nature de l'entreprise.<\/p><p>Il est \u00e0 noter que cet article ne prodigue pas de conseils concernant l\u2019assurance obligatoire. Les crit\u00e8res de l\u2019assurance obligatoire peuvent varier en fonction de la juridiction. Il est essentiel que les propri\u00e9taires d'entreprise se renseignent aupr\u00e8s de leur gouvernement provincial ou territorial pour conna\u00eetre les types de couvertures d'assurance sp\u00e9cifiques dont leur entreprise est tenue de souscrire.<\/p><p>L'assurance facultative, quant \u00e0 elle, est une assurance que les entreprises choisissent de souscrire. Elle n'est pas exig\u00e9e par la loi, mais elle peut offrir une protection suppl\u00e9mentaire et une tranquillit\u00e9 d'esprit au propri\u00e9taire de l'entreprise ou \u00e0 l'organisation.<\/p>\t\t\t\t\t\t\t\t<\/div>\n\t\t\t\t<\/div>\n\t\t\t\t\t<\/div>\n\t\t<\/div>\n\t\t\t\t\t<\/div>\n\t\t<\/section>\n\t\t\t\t<section class=\"elementor-section elementor-top-section elementor-element elementor-element-ca76df4 elementor-section-boxed elementor-section-height-default elementor-section-height-default\" data-id=\"ca76df4\" data-element_type=\"section\">\n\t\t\t\t\t\t<div class=\"elementor-container elementor-column-gap-default\">\n\t\t\t\t\t<div class=\"elementor-column elementor-col-100 elementor-top-column elementor-element elementor-element-a365f5d\" data-id=\"a365f5d\" data-element_type=\"column\">\n\t\t\t<div class=\"elementor-widget-wrap elementor-element-populated\">\n\t\t\t\t\t\t<div class=\"elementor-element elementor-element-f620db3 elementor-widget elementor-widget-heading\" data-id=\"f620db3\" data-element_type=\"widget\" data-widget_type=\"heading.default\">\n\t\t\t\t<div class=\"elementor-widget-container\">\n\t\t\t\t\t<h4 class=\"elementor-heading-title elementor-size-default\">Exemples d'assurance obligatoire<\/h4>\t\t\t\t<\/div>\n\t\t\t\t<\/div>\n\t\t\t\t\t<\/div>\n\t\t<\/div>\n\t\t\t\t\t<\/div>\n\t\t<\/section>\n\t\t\t\t<section class=\"elementor-section elementor-top-section elementor-element elementor-element-483b352 elementor-section-boxed elementor-section-height-default elementor-section-height-default\" data-id=\"483b352\" data-element_type=\"section\">\n\t\t\t\t\t\t<div class=\"elementor-container elementor-column-gap-default\">\n\t\t\t\t\t<div class=\"elementor-column elementor-col-100 elementor-top-column elementor-element elementor-element-1f06e45\" data-id=\"1f06e45\" data-element_type=\"column\">\n\t\t\t<div class=\"elementor-widget-wrap elementor-element-populated\">\n\t\t\t\t\t\t<div class=\"elementor-element elementor-element-53222c0 elementor-widget elementor-widget-text-editor\" data-id=\"53222c0\" data-element_type=\"widget\" data-widget_type=\"text-editor.default\">\n\t\t\t\t<div class=\"elementor-widget-container\">\n\t\t\t\t\t\t\t\t\t<p>Vous trouverez ci-dessous quelques exemples de polices d'assurance qui sont g\u00e9n\u00e9ralement obligatoires, quelle que soit la province dans laquelle vous vivez.<\/p>\t\t\t\t\t\t\t\t<\/div>\n\t\t\t\t<\/div>\n\t\t\t\t\t<\/div>\n\t\t<\/div>\n\t\t\t\t\t<\/div>\n\t\t<\/section>\n\t\t\t\t<section class=\"elementor-section elementor-top-section elementor-element elementor-element-6dae77d elementor-section-boxed elementor-section-height-default elementor-section-height-default\" data-id=\"6dae77d\" data-element_type=\"section\">\n\t\t\t\t\t\t<div class=\"elementor-container elementor-column-gap-default\">\n\t\t\t\t\t<div class=\"elementor-column elementor-col-100 elementor-top-column elementor-element elementor-element-f96ad4c\" data-id=\"f96ad4c\" data-element_type=\"column\">\n\t\t\t<div class=\"elementor-widget-wrap elementor-element-populated\">\n\t\t\t\t\t\t<div class=\"elementor-element elementor-element-76c071c elementor-widget elementor-widget-heading\" data-id=\"76c071c\" data-element_type=\"widget\" data-widget_type=\"heading.default\">\n\t\t\t\t<div class=\"elementor-widget-container\">\n\t\t\t\t\t<h4 class=\"elementor-heading-title elementor-size-default\">Assurance automobile<\/h4>\t\t\t\t<\/div>\n\t\t\t\t<\/div>\n\t\t\t\t\t<\/div>\n\t\t<\/div>\n\t\t\t\t\t<\/div>\n\t\t<\/section>\n\t\t\t\t<section class=\"elementor-section elementor-top-section elementor-element elementor-element-1b0b558 elementor-section-boxed elementor-section-height-default elementor-section-height-default\" data-id=\"1b0b558\" data-element_type=\"section\">\n\t\t\t\t\t\t<div class=\"elementor-container elementor-column-gap-default\">\n\t\t\t\t\t<div class=\"elementor-column elementor-col-100 elementor-top-column elementor-element elementor-element-a3fddb1\" data-id=\"a3fddb1\" data-element_type=\"column\">\n\t\t\t<div class=\"elementor-widget-wrap elementor-element-populated\">\n\t\t\t\t\t\t<div class=\"elementor-element elementor-element-cbdcd4e elementor-widget elementor-widget-text-editor\" data-id=\"cbdcd4e\" data-element_type=\"widget\" data-widget_type=\"text-editor.default\">\n\t\t\t\t<div class=\"elementor-widget-container\">\n\t\t\t\t\t\t\t\t\t<p>Au Canada, les conducteurs sont l\u00e9galement tenus d'avoir une assurance automobile. Cette assurance couvre les dommages caus\u00e9s \u00e0 d'autres personnes ou \u00e0 leurs biens pendant la conduite. Elle couvre \u00e9galement les frais m\u00e9dicaux pour les blessures subies lors d'un accident de voiture.<\/p><p>La plupart des provinces (<a href=\"https:\/\/www.fsrao.ca\/consumers\/auto-insurance\/purchasing-your-policy\/what-standard-auto-insurance-policy\"><span style=\"text-decoration: underline;\">comme l'Ontario<\/span><\/a>) exigent que vous disposiez d'une assurance responsabilit\u00e9 civile d'un montant minimum de 200 000 $ (qui couvre les co\u00fbts si vous \u00eates responsable d'un accident de voiture qui cause des blessures ou le d\u00e9c\u00e8s d'une personne, ou des dommages mat\u00e9riels).<\/p>\t\t\t\t\t\t\t\t<\/div>\n\t\t\t\t<\/div>\n\t\t\t\t\t<\/div>\n\t\t<\/div>\n\t\t\t\t\t<\/div>\n\t\t<\/section>\n\t\t\t\t<section class=\"elementor-section elementor-top-section elementor-element elementor-element-73d20e0 elementor-section-boxed elementor-section-height-default elementor-section-height-default\" data-id=\"73d20e0\" data-element_type=\"section\">\n\t\t\t\t\t\t<div class=\"elementor-container elementor-column-gap-default\">\n\t\t\t\t\t<div class=\"elementor-column elementor-col-100 elementor-top-column elementor-element elementor-element-f542f3f\" data-id=\"f542f3f\" data-element_type=\"column\">\n\t\t\t<div class=\"elementor-widget-wrap elementor-element-populated\">\n\t\t\t\t\t\t<div class=\"elementor-element elementor-element-aad24a5 elementor-widget elementor-widget-heading\" data-id=\"aad24a5\" data-element_type=\"widget\" data-widget_type=\"heading.default\">\n\t\t\t\t<div class=\"elementor-widget-container\">\n\t\t\t\t\t<h4 class=\"elementor-heading-title elementor-size-default\">L\u2019assurance contre les accidents du travail<\/h4>\t\t\t\t<\/div>\n\t\t\t\t<\/div>\n\t\t\t\t\t<\/div>\n\t\t<\/div>\n\t\t\t\t\t<\/div>\n\t\t<\/section>\n\t\t\t\t<section class=\"elementor-section elementor-top-section elementor-element elementor-element-6411618 elementor-section-boxed elementor-section-height-default elementor-section-height-default\" data-id=\"6411618\" data-element_type=\"section\">\n\t\t\t\t\t\t<div class=\"elementor-container elementor-column-gap-default\">\n\t\t\t\t\t<div class=\"elementor-column elementor-col-100 elementor-top-column elementor-element elementor-element-8335d37\" data-id=\"8335d37\" data-element_type=\"column\">\n\t\t\t<div class=\"elementor-widget-wrap elementor-element-populated\">\n\t\t\t\t\t\t<div class=\"elementor-element elementor-element-f039202 elementor-widget elementor-widget-text-editor\" data-id=\"f039202\" data-element_type=\"widget\" data-widget_type=\"text-editor.default\">\n\t\t\t\t<div class=\"elementor-widget-container\">\n\t\t\t\t\t\t\t\t\t<p>Au Canada, l\u2019assurance contre les accidents du travail est une forme de couverture d\u2019assurance qui prot\u00e8ge les travailleurs sur le lieu de travail. Elle pr\u00e9voit l\u2019indemnisation des travailleurs contre la perte de revenu salarial et des prestations m\u00e9dicales pour les employ\u00e9s qui se blessent ou sont malades au travail.<\/p><p>Les indemnit\u00e9s et les primes sont d\u00e9termin\u00e9es par les \"<span style=\"text-decoration: underline;\"><a href=\"https:\/\/www.ccohs.ca\/oshanswers\/information\/wcb_canada.html\">commissions en sant\u00e9 et s\u00e9curit\u00e9 du travail<\/a><\/span>\" provinciales. Ces commissions sont cr\u00e9\u00e9es et r\u00e9glement\u00e9es par le gouvernement et s\u2019occupent des fonds d\u2019indemnisation associ\u00e9s aux accidents du travail et aux maladies professionnelles. Alors que dans certaines circonstances, la participation au programme peut \u00eatre exempt\u00e9e, plusieurs secteurs (tels que la construction) sont obligatoirement tenus d\u2019y participer.<\/p><p>Les employeurs sous r\u00e9glementation f\u00e9d\u00e9rale (telles que les banques) doivent fournir des \"indemnit\u00e9s de remplacement de salaire\" \u00e0 leurs employ\u00e9s. Le Service f\u00e9d\u00e9ral d'indemnisation des travailleurs travaille en partenariat avec les commissions provinciales en sant\u00e9 et s\u00e9curit\u00e9 du travail pour traiter les demandes d'indemnisation soumises par les employ\u00e9s f\u00e9d\u00e9raux.<\/p>\t\t\t\t\t\t\t\t<\/div>\n\t\t\t\t<\/div>\n\t\t\t\t\t<\/div>\n\t\t<\/div>\n\t\t\t\t\t<\/div>\n\t\t<\/section>\n\t\t\t\t<section class=\"elementor-section elementor-top-section elementor-element elementor-element-ae90ff5 elementor-section-boxed elementor-section-height-default elementor-section-height-default\" data-id=\"ae90ff5\" data-element_type=\"section\">\n\t\t\t\t\t\t<div class=\"elementor-container elementor-column-gap-default\">\n\t\t\t\t\t<div class=\"elementor-column elementor-col-100 elementor-top-column elementor-element elementor-element-b66c3bf\" data-id=\"b66c3bf\" data-element_type=\"column\">\n\t\t\t<div class=\"elementor-widget-wrap elementor-element-populated\">\n\t\t\t\t\t\t<div class=\"elementor-element elementor-element-303c125 elementor-widget elementor-widget-heading\" data-id=\"303c125\" data-element_type=\"widget\" data-widget_type=\"heading.default\">\n\t\t\t\t<div class=\"elementor-widget-container\">\n\t\t\t\t\t<h4 class=\"elementor-heading-title elementor-size-default\">Assurance responsabilit\u00e9 de l'employeur<\/h4>\t\t\t\t<\/div>\n\t\t\t\t<\/div>\n\t\t\t\t\t<\/div>\n\t\t<\/div>\n\t\t\t\t\t<\/div>\n\t\t<\/section>\n\t\t\t\t<section class=\"elementor-section elementor-top-section elementor-element elementor-element-b121ebe elementor-section-boxed elementor-section-height-default elementor-section-height-default\" data-id=\"b121ebe\" data-element_type=\"section\">\n\t\t\t\t\t\t<div class=\"elementor-container elementor-column-gap-default\">\n\t\t\t\t\t<div class=\"elementor-column elementor-col-100 elementor-top-column elementor-element elementor-element-5b0ed16\" data-id=\"5b0ed16\" data-element_type=\"column\">\n\t\t\t<div class=\"elementor-widget-wrap elementor-element-populated\">\n\t\t\t\t\t\t<div class=\"elementor-element elementor-element-adc0b48 elementor-widget elementor-widget-text-editor\" data-id=\"adc0b48\" data-element_type=\"widget\" data-widget_type=\"text-editor.default\">\n\t\t\t\t<div class=\"elementor-widget-container\">\n\t\t\t\t\t\t\t\t\t<p>L'assurance responsabilit\u00e9 de l'employeur, \u00e9galement connue sous le nom d'assurance responsabilit\u00e9 en mati\u00e8re de pratiques d'emploi (EPL), est exig\u00e9e dans certaines provinces et certains territoires du Canada. Elle est particuli\u00e8rement importante si les organisations sont exempt\u00e9es de cotiser aux commissions en sant\u00e9 et s\u00e9curit\u00e9 du travail d\u00e9crites ci-dessus.<\/p><p>Cette assurance couvre les frais encourus par une entreprise \u00e0 la suite d'un accident, d'une maladie ou d'un d\u00e9c\u00e8s d'un employ\u00e9 survenu sur le lieu de travail. Elle peut couvrir des co\u00fbts tels que la perte de salaire d'un employ\u00e9, les frais m\u00e9dicaux, ainsi que les frais juridiques pour d\u00e9fendre une poursuite et les indemnit\u00e9s.<\/p>\t\t\t\t\t\t\t\t<\/div>\n\t\t\t\t<\/div>\n\t\t\t\t\t<\/div>\n\t\t<\/div>\n\t\t\t\t\t<\/div>\n\t\t<\/section>\n\t\t\t\t<section class=\"elementor-section elementor-top-section elementor-element elementor-element-5f86c25 elementor-section-boxed elementor-section-height-default elementor-section-height-default\" data-id=\"5f86c25\" data-element_type=\"section\">\n\t\t\t\t\t\t<div class=\"elementor-container elementor-column-gap-default\">\n\t\t\t\t\t<div class=\"elementor-column elementor-col-100 elementor-top-column elementor-element elementor-element-32ffc84\" data-id=\"32ffc84\" data-element_type=\"column\">\n\t\t\t<div class=\"elementor-widget-wrap elementor-element-populated\">\n\t\t\t\t\t\t<div class=\"elementor-element elementor-element-cd40374 elementor-widget elementor-widget-heading\" data-id=\"cd40374\" data-element_type=\"widget\" data-widget_type=\"heading.default\">\n\t\t\t\t<div class=\"elementor-widget-container\">\n\t\t\t\t\t<h4 class=\"elementor-heading-title elementor-size-default\">D'autres couvertures d\u2019assurance peuvent \u00eatre exig\u00e9es dans vos contrats<\/h4>\t\t\t\t<\/div>\n\t\t\t\t<\/div>\n\t\t\t\t\t<\/div>\n\t\t<\/div>\n\t\t\t\t\t<\/div>\n\t\t<\/section>\n\t\t\t\t<section class=\"elementor-section elementor-top-section elementor-element elementor-element-473fe9b elementor-section-boxed elementor-section-height-default elementor-section-height-default\" data-id=\"473fe9b\" data-element_type=\"section\">\n\t\t\t\t\t\t<div class=\"elementor-container elementor-column-gap-default\">\n\t\t\t\t\t<div class=\"elementor-column elementor-col-100 elementor-top-column elementor-element elementor-element-5c43b49\" data-id=\"5c43b49\" data-element_type=\"column\">\n\t\t\t<div class=\"elementor-widget-wrap elementor-element-populated\">\n\t\t\t\t\t\t<div class=\"elementor-element elementor-element-6d5aa4e elementor-widget elementor-widget-text-editor\" data-id=\"6d5aa4e\" data-element_type=\"widget\" data-widget_type=\"text-editor.default\">\n\t\t\t\t<div class=\"elementor-widget-container\">\n\t\t\t\t\t\t\t\t\t<p>Selon la nature de vos activit\u00e9s, vous pouvez \u00eatre tenu de souscrire \u00e0 d'autres couvertures d'assurance en fonction des conditions du contrat ou de vos engagements avec vos clients. Cette obligation est distincte de l'obligation <em>l\u00e9gale<\/em> de souscrire \u00e0 une police d'assurance particuli\u00e8re.<\/p><p>Par exemple, si vous \u00eates consultant ou entrepreneur, vos clients peuvent exiger que vous souscriviez \u00e0 une assurance responsabilit\u00e9 professionnelle pour les prot\u00e9ger contre toute erreur ou omission que vous pourriez commettre dans l'exercice de vos fonctions. Si vous ne souscrivez pas \u00e0 cette assurance, vous vous exposez \u00e0 des pertes en cas de r\u00e9clamation pour des erreurs ou des omissions commises dans le cadre de vos services professionnels, et vous risquez \u00e9galement d'enfreindre les conditions de votre engagement.<\/p>\t\t\t\t\t\t\t\t<\/div>\n\t\t\t\t<\/div>\n\t\t\t\t\t<\/div>\n\t\t<\/div>\n\t\t\t\t\t<\/div>\n\t\t<\/section>\n\t\t\t\t<section class=\"elementor-section elementor-top-section elementor-element elementor-element-c747061 elementor-section-boxed elementor-section-height-default elementor-section-height-default\" data-id=\"c747061\" data-element_type=\"section\">\n\t\t\t\t\t\t<div class=\"elementor-container elementor-column-gap-default\">\n\t\t\t\t\t<div class=\"elementor-column elementor-col-100 elementor-top-column elementor-element elementor-element-5b97fdf\" data-id=\"5b97fdf\" data-element_type=\"column\">\n\t\t\t<div class=\"elementor-widget-wrap elementor-element-populated\">\n\t\t\t\t\t\t<div class=\"elementor-element elementor-element-9bc6560 elementor-widget elementor-widget-heading\" data-id=\"9bc6560\" data-element_type=\"widget\" data-widget_type=\"heading.default\">\n\t\t\t\t<div class=\"elementor-widget-container\">\n\t\t\t\t\t<h4 class=\"elementor-heading-title elementor-size-default\">Exemples d'assurance facultative<\/h4>\t\t\t\t<\/div>\n\t\t\t\t<\/div>\n\t\t\t\t\t<\/div>\n\t\t<\/div>\n\t\t\t\t\t<\/div>\n\t\t<\/section>\n\t\t\t\t<section class=\"elementor-section elementor-top-section elementor-element elementor-element-a1d960a elementor-section-boxed elementor-section-height-default elementor-section-height-default\" data-id=\"a1d960a\" data-element_type=\"section\">\n\t\t\t\t\t\t<div class=\"elementor-container elementor-column-gap-default\">\n\t\t\t\t\t<div class=\"elementor-column elementor-col-100 elementor-top-column elementor-element elementor-element-e86c2ba\" data-id=\"e86c2ba\" data-element_type=\"column\">\n\t\t\t<div class=\"elementor-widget-wrap elementor-element-populated\">\n\t\t\t\t\t\t<div class=\"elementor-element elementor-element-0039549 elementor-widget elementor-widget-text-editor\" data-id=\"0039549\" data-element_type=\"widget\" data-widget_type=\"text-editor.default\">\n\t\t\t\t<div class=\"elementor-widget-container\">\n\t\t\t\t\t\t\t\t\t<p>Contrairement \u00e0 ce qui pr\u00e9c\u00e8de, il existe \u00e9galement une s\u00e9rie de couvertures d'assurance facultative que les entreprises peuvent choisir de souscrire. Celles-ci ne sont pas n\u00e9cessairement exig\u00e9es par la loi, mais elles offrent une protection suppl\u00e9mentaire contre certains risques auxquels une organisation peut \u00eatre confront\u00e9e.<\/p>\t\t\t\t\t\t\t\t<\/div>\n\t\t\t\t<\/div>\n\t\t\t\t\t<\/div>\n\t\t<\/div>\n\t\t\t\t\t<\/div>\n\t\t<\/section>\n\t\t\t\t<section class=\"elementor-section elementor-top-section elementor-element elementor-element-a84990b elementor-section-boxed elementor-section-height-default elementor-section-height-default\" data-id=\"a84990b\" data-element_type=\"section\">\n\t\t\t\t\t\t<div class=\"elementor-container elementor-column-gap-default\">\n\t\t\t\t\t<div class=\"elementor-column elementor-col-100 elementor-top-column elementor-element elementor-element-66c96d8\" data-id=\"66c96d8\" data-element_type=\"column\">\n\t\t\t<div class=\"elementor-widget-wrap elementor-element-populated\">\n\t\t\t\t\t\t<div class=\"elementor-element elementor-element-63c3af5 elementor-widget elementor-widget-heading\" data-id=\"63c3af5\" data-element_type=\"widget\" data-widget_type=\"heading.default\">\n\t\t\t\t<div class=\"elementor-widget-container\">\n\t\t\t\t\t<h4 class=\"elementor-heading-title elementor-size-default\">Assurance responsabilit\u00e9 civile g\u00e9n\u00e9rale des entreprises<\/h4>\t\t\t\t<\/div>\n\t\t\t\t<\/div>\n\t\t\t\t\t<\/div>\n\t\t<\/div>\n\t\t\t\t\t<\/div>\n\t\t<\/section>\n\t\t\t\t<section class=\"elementor-section elementor-top-section elementor-element elementor-element-006ae18 elementor-section-boxed elementor-section-height-default elementor-section-height-default\" data-id=\"006ae18\" data-element_type=\"section\">\n\t\t\t\t\t\t<div class=\"elementor-container elementor-column-gap-default\">\n\t\t\t\t\t<div class=\"elementor-column elementor-col-100 elementor-top-column elementor-element elementor-element-db86a6c\" data-id=\"db86a6c\" data-element_type=\"column\">\n\t\t\t<div class=\"elementor-widget-wrap elementor-element-populated\">\n\t\t\t\t\t\t<div class=\"elementor-element elementor-element-f9e9b44 elementor-widget elementor-widget-text-editor\" data-id=\"f9e9b44\" data-element_type=\"widget\" data-widget_type=\"text-editor.default\">\n\t\t\t\t<div class=\"elementor-widget-container\">\n\t\t\t\t\t\t\t\t\t<p>L'assurance responsabilit\u00e9 civile g\u00e9n\u00e9rale des entreprises (appel\u00e9e assurance \u00ab CGL \u00bb) couvre un large \u00e9ventail de risques auxquels sont confront\u00e9es les entreprises.<\/p><p>Elle couvre g\u00e9n\u00e9ralement les dommages mat\u00e9riels ou corporels r\u00e9sultant d'une n\u00e9gligence de votre organisation et peut \u00e9galement couvrir les produits d\u00e9fectueux qui causent des dommages \u00e0 des tiers.<\/p><p>L'objectif d'une police d'assurance responsabilit\u00e9 civile g\u00e9n\u00e9rale des entreprises est de fournir une protection contre les poursuites judiciaires qui peuvent engendrer des frais l\u00e9gaux, des dommages et int\u00e9r\u00eats et des indemnit\u00e9s jusqu'\u00e0 concurrence des limites de votre police d'assurance.<\/p>\t\t\t\t\t\t\t\t<\/div>\n\t\t\t\t<\/div>\n\t\t\t\t\t<\/div>\n\t\t<\/div>\n\t\t\t\t\t<\/div>\n\t\t<\/section>\n\t\t\t\t<section class=\"elementor-section elementor-top-section elementor-element elementor-element-79cfb41 elementor-section-boxed elementor-section-height-default elementor-section-height-default\" data-id=\"79cfb41\" data-element_type=\"section\">\n\t\t\t\t\t\t<div class=\"elementor-container elementor-column-gap-default\">\n\t\t\t\t\t<div class=\"elementor-column elementor-col-100 elementor-top-column elementor-element elementor-element-8b91b8b\" data-id=\"8b91b8b\" data-element_type=\"column\">\n\t\t\t<div class=\"elementor-widget-wrap elementor-element-populated\">\n\t\t\t\t\t\t<div class=\"elementor-element elementor-element-3f9f079 elementor-widget elementor-widget-heading\" data-id=\"3f9f079\" data-element_type=\"widget\" data-widget_type=\"heading.default\">\n\t\t\t\t<div class=\"elementor-widget-container\">\n\t\t\t\t\t<h4 class=\"elementor-heading-title elementor-size-default\">Assurance erreurs et omissions (E&amp;O)<\/h4>\t\t\t\t<\/div>\n\t\t\t\t<\/div>\n\t\t\t\t\t<\/div>\n\t\t<\/div>\n\t\t\t\t\t<\/div>\n\t\t<\/section>\n\t\t\t\t<section class=\"elementor-section elementor-top-section elementor-element elementor-element-00d1e79 elementor-section-boxed elementor-section-height-default elementor-section-height-default\" data-id=\"00d1e79\" data-element_type=\"section\">\n\t\t\t\t\t\t<div class=\"elementor-container elementor-column-gap-default\">\n\t\t\t\t\t<div class=\"elementor-column elementor-col-100 elementor-top-column elementor-element elementor-element-d1b96b1\" data-id=\"d1b96b1\" data-element_type=\"column\">\n\t\t\t<div class=\"elementor-widget-wrap elementor-element-populated\">\n\t\t\t\t\t\t<div class=\"elementor-element elementor-element-1d3cc39 elementor-widget elementor-widget-text-editor\" data-id=\"1d3cc39\" data-element_type=\"widget\" data-widget_type=\"text-editor.default\">\n\t\t\t\t<div class=\"elementor-widget-container\">\n\t\t\t\t\t\t\t\t\t<p>L'assurance erreurs et omissions, \u00e9galement connue sous le nom d'assurance responsabilit\u00e9 professionnelle ou d'assurance contre les fautes professionnelles, prot\u00e8ge votre organisation contre les r\u00e9clamations pour pertes financi\u00e8res r\u00e9sultant d'un service que vous avez rendu \u00e0 un client. Il s'agit notamment de la responsabilit\u00e9 d\u00e9coulant d'une n\u00e9gligence, d'un mauvais conseil, d'un d\u00e9passement de d\u00e9lai ou d'un manquement \u00e0 l'obligation de fournir le service promis.<\/p><p>N'oubliez pas qu' <em>il n'est pas n\u00e9cessaire d'avoir commis une faute<\/em> pour faire l'objet d'une r\u00e9clamation en responsabilit\u00e9 professionnelle. Il suffit que votre client <em>pense<\/em> que vous avez \u00e9t\u00e9 n\u00e9gligent ou que vous avez commis une faute pour qu'il d\u00e9pose une plainte (vous obligeant ainsi \u00e0 vous d\u00e9fendre et \u00e0 engager des frais l\u00e9gaux).<\/p>\t\t\t\t\t\t\t\t<\/div>\n\t\t\t\t<\/div>\n\t\t\t\t\t<\/div>\n\t\t<\/div>\n\t\t\t\t\t<\/div>\n\t\t<\/section>\n\t\t\t\t<section class=\"elementor-section elementor-top-section elementor-element elementor-element-a3b5c54 elementor-section-boxed elementor-section-height-default elementor-section-height-default\" data-id=\"a3b5c54\" data-element_type=\"section\">\n\t\t\t\t\t\t<div class=\"elementor-container elementor-column-gap-default\">\n\t\t\t\t\t<div class=\"elementor-column elementor-col-100 elementor-top-column elementor-element elementor-element-bcf8717\" data-id=\"bcf8717\" data-element_type=\"column\">\n\t\t\t<div class=\"elementor-widget-wrap elementor-element-populated\">\n\t\t\t\t\t\t<div class=\"elementor-element elementor-element-9a5a9f0 elementor-widget elementor-widget-heading\" data-id=\"9a5a9f0\" data-element_type=\"widget\" data-widget_type=\"heading.default\">\n\t\t\t\t<div class=\"elementor-widget-container\">\n\t\t\t\t\t<h4 class=\"elementor-heading-title elementor-size-default\">Assurance de biens des entreprises<\/h4>\t\t\t\t<\/div>\n\t\t\t\t<\/div>\n\t\t\t\t\t<\/div>\n\t\t<\/div>\n\t\t\t\t\t<\/div>\n\t\t<\/section>\n\t\t\t\t<section class=\"elementor-section elementor-top-section elementor-element elementor-element-8ea2399 elementor-section-boxed elementor-section-height-default elementor-section-height-default\" data-id=\"8ea2399\" data-element_type=\"section\">\n\t\t\t\t\t\t<div class=\"elementor-container elementor-column-gap-default\">\n\t\t\t\t\t<div class=\"elementor-column elementor-col-100 elementor-top-column elementor-element elementor-element-37b524d\" data-id=\"37b524d\" data-element_type=\"column\">\n\t\t\t<div class=\"elementor-widget-wrap elementor-element-populated\">\n\t\t\t\t\t\t<div class=\"elementor-element elementor-element-a7e0f63 elementor-widget elementor-widget-text-editor\" data-id=\"a7e0f63\" data-element_type=\"widget\" data-widget_type=\"text-editor.default\">\n\t\t\t\t<div class=\"elementor-widget-container\">\n\t\t\t\t\t\t\t\t\t<p>L'assurance de biens des entreprises couvre les dommages caus\u00e9s aux biens mat\u00e9riels d'une entreprise, tels que les b\u00e2timents, les \u00e9quipements et l\u2019inventaire. Les dommages peuvent \u00eatre caus\u00e9s par le vol, le vandalisme ou l'incendie.  Cette assurance n'est pas obligatoire, mais elle est essentielle pour les entreprises qui :<\/p><ul><li>poss\u00e8de ou loue des biens commerciaux,<\/li><li>exerce ses activit\u00e9s en dehors du site (\u00ab off-site \u00bb),<\/li><li>contient des ordinateurs ou des machines utilis\u00e9s dans le cadre de l'activit\u00e9 professionnelle, ou<\/li><li>utilise des appareils \u00e9lectroniques portables tels que des ordinateurs portables ou des t\u00e9l\u00e9phones mobiles.<\/li><\/ul><p>Ce type d'assurance peut couvrir les co\u00fbts reli\u00e9s aux r\u00e9novations, \u00e0 la  r\u00e9paration ou au remplacement des \u00e9quipements, au remplacement des appareils \u00e9lectroniques vol\u00e9s ou \u00e0 la r\u00e9paration des dommages caus\u00e9s \u00e0 vos biens par un \"risque couvert\".<\/p>\t\t\t\t\t\t\t\t<\/div>\n\t\t\t\t<\/div>\n\t\t\t\t\t<\/div>\n\t\t<\/div>\n\t\t\t\t\t<\/div>\n\t\t<\/section>\n\t\t\t\t<section class=\"elementor-section elementor-top-section elementor-element elementor-element-015a3eb elementor-section-boxed elementor-section-height-default elementor-section-height-default\" data-id=\"015a3eb\" data-element_type=\"section\">\n\t\t\t\t\t\t<div class=\"elementor-container elementor-column-gap-default\">\n\t\t\t\t\t<div class=\"elementor-column elementor-col-100 elementor-top-column elementor-element elementor-element-e2784ed\" data-id=\"e2784ed\" data-element_type=\"column\">\n\t\t\t<div class=\"elementor-widget-wrap elementor-element-populated\">\n\t\t\t\t\t\t<div class=\"elementor-element elementor-element-6c6b571 elementor-widget elementor-widget-heading\" data-id=\"6c6b571\" data-element_type=\"widget\" data-widget_type=\"heading.default\">\n\t\t\t\t<div class=\"elementor-widget-container\">\n\t\t\t\t\t<h4 class=\"elementor-heading-title elementor-size-default\">Assurance cyberrisques<\/h4>\t\t\t\t<\/div>\n\t\t\t\t<\/div>\n\t\t\t\t\t<\/div>\n\t\t<\/div>\n\t\t\t\t\t<\/div>\n\t\t<\/section>\n\t\t\t\t<section class=\"elementor-section elementor-top-section elementor-element elementor-element-ff5c7f0 elementor-section-boxed elementor-section-height-default elementor-section-height-default\" data-id=\"ff5c7f0\" data-element_type=\"section\">\n\t\t\t\t\t\t<div class=\"elementor-container elementor-column-gap-default\">\n\t\t\t\t\t<div class=\"elementor-column elementor-col-100 elementor-top-column elementor-element elementor-element-2df9a23\" data-id=\"2df9a23\" data-element_type=\"column\">\n\t\t\t<div class=\"elementor-widget-wrap elementor-element-populated\">\n\t\t\t\t\t\t<div class=\"elementor-element elementor-element-d7808a0 elementor-widget elementor-widget-text-editor\" data-id=\"d7808a0\" data-element_type=\"widget\" data-widget_type=\"text-editor.default\">\n\t\t\t\t<div class=\"elementor-widget-container\">\n\t\t\t\t\t\t\t\t\t<p><a href=\"https:\/\/www.axxima.ca\/fr\/blog\/cyber-insurance-what-it-is-and-why-you-need-it\/\"><span style=\"text-decoration: underline;\">Assurance cyberrisques<\/span><\/a> couvre les dommages caus\u00e9s par des cyber\u00e9v\u00e9nements, notamment en cas d\u2019atteinte \u00e0 la protection des donn\u00e9es et les cyberattaques. Cette couverture d\u2019assurance n'est pas obligatoire, mais il est de plus en plus important pour les entreprises de l'envisager \u00e0 mesure que les cybermenaces deviennent plus fr\u00e9quentes.<\/p><p>L\u2019assurance cyberrisques peut couvrir une gamme de frais qui sont reli\u00e9s aux cyberattaques, notamment pour :<\/p><ul><li>R\u00e9pondre \u00e0 une proc\u00e9dure judiciaire r\u00e9sultant d'une atteinte \u00e0 la protection des donn\u00e9es<\/li><li>Informer les clients que leurs donn\u00e9es ont pu \u00eatre compromises<\/li><li>Faire appel \u00e0 une agence de relations publiques pour prot\u00e9ger sa r\u00e9putation<\/li><li>Faire appel \u00e0 un enqu\u00eateur<\/li><li>Restaurer ou r\u00e9cup\u00e9rer des donn\u00e9es perdues ou corrompues \u00e0 la suite d'une atteinte \u00e0 la protection des donn\u00e9es<\/li><li>Couvrir les pertes d'exploitation (c'est-\u00e0-dire les frais encourus \u00e0 la suite de l'interruption de vos activit\u00e9s).<\/li><\/ul>\t\t\t\t\t\t\t\t<\/div>\n\t\t\t\t<\/div>\n\t\t\t\t\t<\/div>\n\t\t<\/div>\n\t\t\t\t\t<\/div>\n\t\t<\/section>\n\t\t\t\t<section class=\"elementor-section elementor-top-section elementor-element elementor-element-afc4635 elementor-section-boxed elementor-section-height-default elementor-section-height-default\" data-id=\"afc4635\" data-element_type=\"section\">\n\t\t\t\t\t\t<div class=\"elementor-container elementor-column-gap-default\">\n\t\t\t\t\t<div class=\"elementor-column elementor-col-100 elementor-top-column elementor-element elementor-element-e07145d\" data-id=\"e07145d\" data-element_type=\"column\">\n\t\t\t<div class=\"elementor-widget-wrap elementor-element-populated\">\n\t\t\t\t\t\t<div class=\"elementor-element elementor-element-da06bd2 elementor-widget elementor-widget-heading\" data-id=\"da06bd2\" data-element_type=\"widget\" data-widget_type=\"heading.default\">\n\t\t\t\t<div class=\"elementor-widget-container\">\n\t\t\t\t\t<h4 class=\"elementor-heading-title elementor-size-default\">Assurance des administrateurs et dirigeants (D&amp;O)<\/h4>\t\t\t\t<\/div>\n\t\t\t\t<\/div>\n\t\t\t\t\t<\/div>\n\t\t<\/div>\n\t\t\t\t\t<\/div>\n\t\t<\/section>\n\t\t\t\t<section class=\"elementor-section elementor-top-section elementor-element elementor-element-a0cd043 elementor-section-boxed elementor-section-height-default elementor-section-height-default\" data-id=\"a0cd043\" data-element_type=\"section\">\n\t\t\t\t\t\t<div class=\"elementor-container elementor-column-gap-default\">\n\t\t\t\t\t<div class=\"elementor-column elementor-col-100 elementor-top-column elementor-element elementor-element-205c4bd\" data-id=\"205c4bd\" data-element_type=\"column\">\n\t\t\t<div class=\"elementor-widget-wrap elementor-element-populated\">\n\t\t\t\t\t\t<div class=\"elementor-element elementor-element-c2bb9e8 elementor-widget elementor-widget-text-editor\" data-id=\"c2bb9e8\" data-element_type=\"widget\" data-widget_type=\"text-editor.default\">\n\t\t\t\t<div class=\"elementor-widget-container\">\n\t\t\t\t\t\t\t\t\t<p class=\"MsoNormal\" style=\"text-align: justify; tab-stops: 68.25pt;\"><span lang=\"EN-AU\"><a href=\"https:\/\/www.axxima.ca\/fr\/blog\/sides-a-b-c-of-a-do-insurance-policy-what-you-need-to-know\/\"><span style=\"font-size: 14.0pt; line-height: 107%; color: #0563c1;\"><span style=\"text-decoration: underline;\">L'assurance des administrateurs et des dirigeants<\/span><\/span><\/a><\/span><span lang=\"EN-AU\" style=\"font-size: 14.0pt; line-height: 107%;\"> couvre les r\u00e9clamations formul\u00e9es \u00e0 l'encontre d'une organisation \u00e0 la suite d'actes illicites commis par les administrateurs et les dirigeants dans l'exercice de leurs fonctions.<\/span><\/p><p class=\"MsoNormal\" style=\"text-align: justify; tab-stops: 68.25pt;\"><span lang=\"EN-AU\" style=\"font-size: 14.0pt; line-height: 107%;\">Lorsqu'un administrateur ou un dirigeant commet une erreur, des tiers peuvent intenter une action en justice contre l'organisation, notamment des actionnaires ou un fournisseur. L'assurance D&amp;O est con\u00e7ue pour couvrir les pertes li\u00e9es \u00e0 ce type de poursuite.<\/span><\/p><p class=\"MsoNormal translation-block\" style=\"text-align: justify; tab-stops: 68.25pt;\">Cette assurance n'est pas obligatoire, mais elle est recommand\u00e9e pour les entreprises qui ont un conseil d'administration.<\/p>\t\t\t\t\t\t\t\t<\/div>\n\t\t\t\t<\/div>\n\t\t\t\t\t<\/div>\n\t\t<\/div>\n\t\t\t\t\t<\/div>\n\t\t<\/section>\n\t\t\t\t<section class=\"elementor-section elementor-top-section elementor-element elementor-element-836351e elementor-section-boxed elementor-section-height-default elementor-section-height-default\" data-id=\"836351e\" data-element_type=\"section\">\n\t\t\t\t\t\t<div class=\"elementor-container elementor-column-gap-default\">\n\t\t\t\t\t<div class=\"elementor-column elementor-col-100 elementor-top-column elementor-element elementor-element-0847c03\" data-id=\"0847c03\" data-element_type=\"column\">\n\t\t\t<div class=\"elementor-widget-wrap elementor-element-populated\">\n\t\t\t\t\t\t<div class=\"elementor-element elementor-element-753733f elementor-widget elementor-widget-heading\" data-id=\"753733f\" data-element_type=\"widget\" data-widget_type=\"heading.default\">\n\t\t\t\t<div class=\"elementor-widget-container\">\n\t\t\t\t\t<h4 class=\"elementor-heading-title elementor-size-default\">Des questions sur l'assurance ?<\/h4>\t\t\t\t<\/div>\n\t\t\t\t<\/div>\n\t\t\t\t\t<\/div>\n\t\t<\/div>\n\t\t\t\t\t<\/div>\n\t\t<\/section>\n\t\t\t\t<section class=\"elementor-section elementor-top-section elementor-element elementor-element-3245adf elementor-section-boxed elementor-section-height-default elementor-section-height-default\" data-id=\"3245adf\" data-element_type=\"section\">\n\t\t\t\t\t\t<div class=\"elementor-container elementor-column-gap-default\">\n\t\t\t\t\t<div class=\"elementor-column elementor-col-100 elementor-top-column elementor-element elementor-element-6446feb\" data-id=\"6446feb\" data-element_type=\"column\">\n\t\t\t<div class=\"elementor-widget-wrap elementor-element-populated\">\n\t\t\t\t\t\t<div class=\"elementor-element elementor-element-85441ba elementor-widget elementor-widget-text-editor\" data-id=\"85441ba\" data-element_type=\"widget\" data-widget_type=\"text-editor.default\">\n\t\t\t\t<div class=\"elementor-widget-container\">\n\t\t\t\t\t\t\t\t\t<p>Si vous avez des questions sur l\u2019assurance obligatoire ou l'assurance facultative dans votre province, il est toujours pr\u00e9f\u00e9rable de consulter un <a href=\"https:\/\/www.axxima.ca\/fr\/services\/\"><span style=\"text-decoration: underline;\">courtier d\u2019assurance<\/span><\/a>.<\/p><p>Chez Axxima, nous nous sp\u00e9cialisons dans l\u2019aide aux organisations (du secteur priv\u00e9 et gouvernemental) pour trouver la bonne couverture d\u2019assurance afin de vous prot\u00e9ger et de prot\u00e9ger vos actifs, que ce soit par une couverture obligatoire ou facultative. Nous avons \u00e9galement une vaste exp\u00e9rience en assurance afin d\u2019aider nos clients \u00e0 comprendre et \u00e0 d\u00e9mystifier les complexit\u00e9s de l\u2019assurance, que ce soit pour des couvertures d\u2019assurance obligatoire ou d\u2019assurance facultative, et nous pouvons vous aider \u00e0 passer facilement \u00e0 travers le processus de la gestion de vos risques et d\u2019assurance.<\/p><p><a href=\"https:\/\/www.axxima.ca\/fr\/contact-us\/\"><span style=\"text-decoration: underline;\">Contactez notre \u00e9quipe<\/span><\/a> et discutons des couvertures d\u2019assurance qui vous conviennent le mieux.<\/p>\t\t\t\t\t\t\t\t<\/div>\n\t\t\t\t<\/div>\n\t\t\t\t\t<\/div>\n\t\t<\/div>\n\t\t\t\t\t<\/div>\n\t\t<\/section>\n\t\t\t\t<section class=\"elementor-section elementor-top-section elementor-element elementor-element-9273f71 elementor-section-boxed elementor-section-height-default elementor-section-height-default\" data-id=\"9273f71\" data-element_type=\"section\">\n\t\t\t\t\t\t<div class=\"elementor-container elementor-column-gap-default\">\n\t\t\t\t\t<div class=\"elementor-column elementor-col-100 elementor-top-column elementor-element elementor-element-07de6d6\" data-id=\"07de6d6\" data-element_type=\"column\">\n\t\t\t<div class=\"elementor-widget-wrap elementor-element-populated\">\n\t\t\t\t\t\t<div class=\"elementor-element elementor-element-310b8b4 elementor-widget elementor-widget-spacer\" data-id=\"310b8b4\" data-element_type=\"widget\" data-widget_type=\"spacer.default\">\n\t\t\t\t<div class=\"elementor-widget-container\">\n\t\t\t\t\t\t\t<div class=\"elementor-spacer\">\n\t\t\t<div class=\"elementor-spacer-inner\"><\/div>\n\t\t<\/div>\n\t\t\t\t\t\t<\/div>\n\t\t\t\t<\/div>\n\t\t\t\t\t<\/div>\n\t\t<\/div>\n\t\t\t\t\t<\/div>\n\t\t<\/section>\n\t\t\t\t<\/div>","protected":false},"excerpt":{"rendered":"<p>Back Mandatory vs Voluntary Insurance: Understand Your Obligations If you\u2019re looking for insurance to protect your organization from risk, you may feel overwhelmed by the wide range of options available in the market, all promoting the protection of your assets and shielding you from a range of risks. However, knowing what insurance is mandatory for [&hellip;]<\/p>","protected":false},"author":1,"featured_media":6277,"comment_status":"open","ping_status":"open","sticky":false,"template":"elementor_header_footer","format":"standard","meta":{"_monsterinsights_skip_tracking":false,"_monsterinsights_sitenote_active":false,"_monsterinsights_sitenote_note":"","_monsterinsights_sitenote_category":0,"site-sidebar-layout":"default","site-content-layout":"default","ast-site-content-layout":"","site-content-style":"default","site-sidebar-style":"default","ast-global-header-display":"","ast-banner-title-visibility":"","ast-main-header-display":"","ast-hfb-above-header-display":"","ast-hfb-below-header-display":"","ast-hfb-mobile-header-display":"","site-post-title":"","ast-breadcrumbs-content":"","ast-featured-img":"","footer-sml-layout":"","theme-transparent-header-meta":"default","adv-header-id-meta":"","stick-header-meta":"","header-above-stick-meta":"","header-main-stick-meta":"","header-below-stick-meta":"","astra-migrate-meta-layouts":"default","ast-page-background-enabled":"default","ast-page-background-meta":{"desktop":{"background-color":"var(--ast-global-color-4)","background-image":"","background-repeat":"repeat","background-position":"center center","background-size":"auto","background-attachment":"scroll","background-type":"","background-media":"","overlay-type":"","overlay-color":"","overlay-opacity":"","overlay-gradient":""},"tablet":{"background-color":"","background-image":"","background-repeat":"repeat","background-position":"center center","background-size":"auto","background-attachment":"scroll","background-type":"","background-media":"","overlay-type":"","overlay-color":"","overlay-opacity":"","overlay-gradient":""},"mobile":{"background-color":"","background-image":"","background-repeat":"repeat","background-position":"center center","background-size":"auto","background-attachment":"scroll","background-type":"","background-media":"","overlay-type":"","overlay-color":"","overlay-opacity":"","overlay-gradient":""}},"ast-content-background-meta":{"desktop":{"background-color":"var(--ast-global-color-5)","background-image":"","background-repeat":"repeat","background-position":"center center","background-size":"auto","background-attachment":"scroll","background-type":"","background-media":"","overlay-type":"","overlay-color":"","overlay-opacity":"","overlay-gradient":""},"tablet":{"background-color":"var(--ast-global-color-5)","background-image":"","background-repeat":"repeat","background-position":"center center","background-size":"auto","background-attachment":"scroll","background-type":"","background-media":"","overlay-type":"","overlay-color":"","overlay-opacity":"","overlay-gradient":""},"mobile":{"background-color":"var(--ast-global-color-5)","background-image":"","background-repeat":"repeat","background-position":"center center","background-size":"auto","background-attachment":"scroll","background-type":"","background-media":"","overlay-type":"","overlay-color":"","overlay-opacity":"","overlay-gradient":""}},"_jetpack_memberships_contains_paid_content":false,"footnotes":""},"categories":[1],"tags":[],"class_list":["post-6166","post","type-post","status-publish","format-standard","has-post-thumbnail","hentry","category-uncategorized"],"aioseo_notices":[],"jetpack_featured_media_url":"https:\/\/www.axxima.ca\/wp-content\/uploads\/2023\/04\/ampel-710x220_2.jpg","jetpack_sharing_enabled":true,"_links":{"self":[{"href":"https:\/\/www.axxima.ca\/fr\/wp-json\/wp\/v2\/posts\/6166","targetHints":{"allow":["GET"]}}],"collection":[{"href":"https:\/\/www.axxima.ca\/fr\/wp-json\/wp\/v2\/posts"}],"about":[{"href":"https:\/\/www.axxima.ca\/fr\/wp-json\/wp\/v2\/types\/post"}],"author":[{"embeddable":true,"href":"https:\/\/www.axxima.ca\/fr\/wp-json\/wp\/v2\/users\/1"}],"replies":[{"embeddable":true,"href":"https:\/\/www.axxima.ca\/fr\/wp-json\/wp\/v2\/comments?post=6166"}],"version-history":[{"count":0,"href":"https:\/\/www.axxima.ca\/fr\/wp-json\/wp\/v2\/posts\/6166\/revisions"}],"wp:featuredmedia":[{"embeddable":true,"href":"https:\/\/www.axxima.ca\/fr\/wp-json\/wp\/v2\/media\/6277"}],"wp:attachment":[{"href":"https:\/\/www.axxima.ca\/fr\/wp-json\/wp\/v2\/media?parent=6166"}],"wp:term":[{"taxonomy":"category","embeddable":true,"href":"https:\/\/www.axxima.ca\/fr\/wp-json\/wp\/v2\/categories?post=6166"},{"taxonomy":"post_tag","embeddable":true,"href":"https:\/\/www.axxima.ca\/fr\/wp-json\/wp\/v2\/tags?post=6166"}],"curies":[{"name":"wp","href":"https:\/\/api.w.org\/{rel}","templated":true}]}}